{"id":976,"date":"2021-03-07T07:50:22","date_gmt":"2021-03-07T07:50:22","guid":{"rendered":"https:\/\/mareapensionista.org\/2021\/03\/07\/solidaridad-con-la-lucha-de-los-as-trabajadores-y-el-pueblo-argentino\/"},"modified":"2021-03-07T07:50:22","modified_gmt":"2021-03-07T07:50:22","slug":"solidaridad-con-la-lucha-de-los-as-trabajadores-y-el-pueblo-argentino","status":"publish","type":"post","link":"https:\/\/mareapensionista.org\/ca\/2021\/03\/07\/solidaridad-con-la-lucha-de-los-as-trabajadores-y-el-pueblo-argentino\/","title":{"rendered":"SOLIDARIDAD CON LA LUCHA DE LOS\/AS TRABAJADORES Y EL PUEBLO ARGENTINO"},"content":{"rendered":"<p>SOLIDARIDAD CON LA LUCHA DE LOS\/AS TRABAJADORES Y EL PUEBLO ARGENTINO<\/p>\n<p>Desde la Coordinadora Estatal por el Sistema P\u00fablico de Pensiones del Estado Espa\u00f1ol queremos expresar nuestra total solidaridad con la justa lucha de los\/as pensionistas, trabajadores\/as, j\u00f3venes argentinos\/as contra las reformas de Macri en general y la reforma previsional en particular. As\u00ed mismo exigimos la inmediata libertad de los\/as detenidos\/as. Las reformas del Gobierno Macri est\u00e1n dirigidas contra los\/as trabajadores\/as y los sectores m\u00e1s desfavorecidos de la poblaci\u00f3n. Se inscriben tanto en la zona, como es el caso de Brasil con las recientes reformas de las pensiones y de la ley laboral, como en el caso de la U.E., donde en la mayor\u00eda de los pa\u00edses se han aprobado las mismas leyes que plantea el Gobierno Argentino: el aumento de la edad de jubilaci\u00f3n, la rebaja de las pensiones y subsidios, etc. Todo ello al servicio del pago de una deuda ilegitima que han generado los ricos y poderosos y que quieren que seamos los\/as trabajadores\/as y los\/as m\u00e1s desfavorecidos quienes la paguemos. En Argentina la pobreza supera m\u00e1s de un 30% de la poblaci\u00f3n, donde hay m\u00e1s de 7.000.000 de pensionistas y otros tantos millones que reciben subsidios, la reforma previsional les recorta el presupuesto en 5.000 millones de euros, lo que supone una rebaja en las pensiones y subsidios del 13%. Pretenden aumentar la edad de jubilaci\u00f3n hasta los 70 a\u00f1os para los hombres y 63 para las mujeres, hasta ahora estaban en 65 y 60 respectivamente, con el tan conocido argumento de que \u201ces la \u00fanica forma de garantizar el sistema de pensiones, porque el actual no es sostenible\u201d, cuando la realidad es que est\u00e1 al servicio del pago de la deuda y el aumento de los beneficios empresariales con bonificaciones y recortes a las cotizaciones que deber\u00edan hacer para el sistema p\u00fablico. Hay que recordar que las pensiones argentinas ya se vieron saqueadas bajo el gobierno de Carlos Menem que las privatiz\u00f3 en 1994 en nombre de la \u201cseguridad\u201d. El sistema llamado de Administraci\u00f3n de Fondos de Jubilaciones y Pensiones (AFJP) se fue a pique porque los llamados \u201caportes jubilatorios\u201d se volatilizaron en medio de los cambalaches de especuladores y banqueros. Una poderosa movilizaci\u00f3n obrera y popular oblig\u00f3 en el a\u00f1o 2008 a la entonces Presidenta, Cristina Fern\u00e1ndez, a estatalizar de nuevo las pensiones para asegurar que los jubilados\/as y pensionistas pudieran cobrarlas. Los ataques del sistema financiero en connivencia con los gobiernos son an\u00e1logos en todos los pa\u00edses, en Argentina y en Espa\u00f1a. Se trata de destruir el actual Sistema P\u00fablico de Pensiones mediante reformas laborales y de pensiones que lo hagan inviable empobreciendo a\u00f1o tras a\u00f1o a los actuales y futuros pensionistas, saqueando las reservas y huchas acumuladas por los trabajadores y pagando pensiones de miseria. Mientras una minor\u00eda sale beneficiada de dichas reformas aumenta la desigualdad social. Espa\u00f1a es el pa\u00eds de mas desigualdad social de Europa homologable seg\u00fan las cifras a la India. Mediante este comunicado queremos hacer p\u00fablico y expreso nuestro apoyo a la lucha de los\/as trabajadores\/as y compa\u00f1eros\/as argentinos\/as contra las reformas de Macri y EN DEFENSA DE LAS PENSIONES DIGNAS Y EL SISTEMA PUBICO DE PENSIONES. Toda nuestra solidaridad y apoyo para con ellos\/as en estos duros y combativos momentos. Asimismo denunciamos p\u00fablicamente la brutal represi\u00f3n del gobierno Macri y exigimos LA INMEDIATA LIBERACI\u00d3N DE LOS DETENIDOS, al tiempo que denunciamos la campa\u00f1a orquestada por quienes d\u00eda a d\u00eda generan la violencia social del hambre, la miseria y la desocupaci\u00f3n.<\/p>","protected":false},"excerpt":{"rendered":"<p>SOLIDARIDAD CON LA LUCHA DE LOS\/AS TRABAJADORES Y EL PUEBLO ARGENTINO Desde la Coordinadora Estatal por el Sistema P\u00fablico de Pensiones del Estado Espa\u00f1ol queremos expresar nuestra total solidaridad con la justa lucha de los\/as pensionistas, trabajadores\/as, j\u00f3venes argentinos\/as contra las reformas de Macri en general y la reforma previsional en particular. As\u00ed mismo exigimos&hellip;&nbsp;<a href=\"https:\/\/mareapensionista.org\/ca\/2021\/03\/07\/solidaridad-con-la-lucha-de-los-as-trabajadores-y-el-pueblo-argentino\/\" class=\"\" rel=\"bookmark\">Read More &raquo;<span class=\"screen-reader-text\">SOLIDARIDAD CON LA LUCHA DE LOS\/AS TRABAJADORES Y EL PUEBLO ARGENTINO<\/span><\/a><\/p>","protected":false},"author":1,"featured_media":0,"comment_status":"open","ping_status":"open","sticky":false,"template":"","format":"standard","meta":{"neve_meta_sidebar":"","neve_meta_container":"","neve_meta_enable_content_width":"","neve_meta_content_width":0,"neve_meta_title_alignment":"","neve_meta_author_avatar":"","neve_post_elements_order":"","neve_meta_disable_header":"","neve_meta_disable_footer":"","neve_meta_disable_title":"","_ti_tpc_template_sync":false,"_ti_tpc_template_id":"","footnotes":""},"categories":[],"tags":[],"class_list":["post-976","post","type-post","status-publish","format-standard","hentry"],"_links":{"self":[{"href":"https:\/\/mareapensionista.org\/ca\/wp-json\/wp\/v2\/posts\/976","targetHints":{"allow":["GET"]}}],"collection":[{"href":"https:\/\/mareapensionista.org\/ca\/wp-json\/wp\/v2\/posts"}],"about":[{"href":"https:\/\/mareapensionista.org\/ca\/wp-json\/wp\/v2\/types\/post"}],"author":[{"embeddable":true,"href":"https:\/\/mareapensionista.org\/ca\/wp-json\/wp\/v2\/users\/1"}],"replies":[{"embeddable":true,"href":"https:\/\/mareapensionista.org\/ca\/wp-json\/wp\/v2\/comments?post=976"}],"version-history":[{"count":0,"href":"https:\/\/mareapensionista.org\/ca\/wp-json\/wp\/v2\/posts\/976\/revisions"}],"wp:attachment":[{"href":"https:\/\/mareapensionista.org\/ca\/wp-json\/wp\/v2\/media?parent=976"}],"wp:term":[{"taxonomy":"category","embeddable":true,"href":"https:\/\/mareapensionista.org\/ca\/wp-json\/wp\/v2\/categories?post=976"},{"taxonomy":"post_tag","embeddable":true,"href":"https:\/\/mareapensionista.org\/ca\/wp-json\/wp\/v2\/tags?post=976"}],"curies":[{"name":"wp","href":"https:\/\/api.w.org\/{rel}","templated":true}]}}