{"id":987,"date":"2021-03-07T07:50:22","date_gmt":"2021-03-07T07:50:22","guid":{"rendered":"https:\/\/mareapensionista.org\/2021\/03\/07\/10-comparaciones-odiosas-con-las-que-entramos-en-un-nuevo-ano-de-la-desigualdad\/"},"modified":"2021-03-07T07:50:22","modified_gmt":"2021-03-07T07:50:22","slug":"10-comparaciones-odiosas-con-las-que-entramos-en-un-nuevo-ano-de-la-desigualdad","status":"publish","type":"post","link":"https:\/\/mareapensionista.org\/ca\/2021\/03\/07\/10-comparaciones-odiosas-con-las-que-entramos-en-un-nuevo-ano-de-la-desigualdad\/","title":{"rendered":"10 comparaciones odiosas con las que entramos en un nuevo a\u00f1o de la desigualdad"},"content":{"rendered":"<h1>\u00a0Muchos indicadores se\u00f1alan la igualdad, uno de los cuatro valores superiores que proclama la Constituci\u00f3n, como la principal\u00a0asignatura pendiente de la sociedad tras la crisis econ\u00f3mica<\/h1>\n<address><a title=\"Arsenio Escolar\" href=\"http:\/\/www.eldiario.es\/autores\/arsenio_escolar\/\" target=\"_blank\" rel=\"noopener noreferrer\">Arsenio Escolar<\/a><\/address>\n<p class=\"x_MsoNormal\">\n<p class=\"x_mce\">Ya hemos cambiado de a\u00f1o. Ya hizo Mariano Rajoy el pasado viernes 29 de diciembre su autocomplaciente balance de 2017, para el Gobierno el tercer a\u00f1o triunfal de la recuperaci\u00f3n econ\u00f3mica\u2026 si se mira s\u00f3lo a una parte de la sociedad espa\u00f1ola.<\/p>\n<p class=\"x_mce\">Tan fuera de la realidad parece en ocasiones el presidente del Gobierno que al d\u00eda siguiente, el s\u00e1bado 30, sufr\u00eda un curioso lapsus en un acto p\u00fablico: \u201cTermino deseando a todos ustedes y a sus familias lo mejor para el pr\u00f3ximo a\u00f1o 2016\u201d, remataba Rajoy su discurso en la inauguraci\u00f3n de una obra p\u00fablica en su tierra, Pontevedra, ante la estupefacci\u00f3n de los asistentes. Como si en su cabeza se hubiera borrado el mal 2017, lleno \u2013pese a su autocomplaciente balance de la v\u00edspera- de sonoros fracasos pol\u00edticos: de la crisis catalana al irresuelto problema de la sostenibilidad de las pensiones, de las nuevas tufaradas de la corrupci\u00f3n a las renovadas maniobras del Gobierno y del PP por controlar la Justicia.<\/p>\n<p class=\"x_mce\">2017 ha sido tambi\u00e9n y sobre todo el a\u00f1o en que se ha enquistado uno de nuestros principales problemas como sociedad: la desigualdad. El a\u00f1o en que, pese a la salida de la crisis econ\u00f3mica, nos hubi\u00e9ramos resignado a la conformaci\u00f3n quiz\u00e1s irreversible de una sociedad dual, incumpliendo y vulnerando los poderes p\u00fablicos nada menos que el art\u00edculo 1 de la Constituci\u00f3n, que propugna la igualdad como uno de los cuatro valores superiores del Estado, junto a los de la libertad, la justicia y el pluralismo pol\u00edtico.<\/p>\n<p class=\"x_mce\">Algunos datos son especialmente indignantes, algunas comparaciones son especialmente odiosas. Por ejemplo estas 10:<\/p>\n<p class=\"x_mce\"><strong>Salario m\u00ednimo interprofesional.<\/strong>\u00a0En Espa\u00f1a, 736 euros mensuales desde hoy, 707 hasta ayer. En nuestro entorno, entre 1,9 y 2,7 veces m\u00e1s. En Reino Unido, 1.396 euros. En Francia, 1.480. En Alemania, 1.498. En B\u00e9lgica, 1.531. En Pa\u00edses Bajos, 1.562. En Irlanda, 1.563. En Luxemburgo, 1.998 euros.<\/p>\n<p class=\"x_mce\"><strong>Salarios medios.<\/strong>\u00a0Todos los datos, referidos a 2016, \u00faltimos homog\u00e9neos disponibles. Para el com\u00fan\u00a0 de los trabajadores en Espa\u00f1a, seg\u00fan el Instituto Nacional de Estad\u00edstica, 1.878,1 euros brutos al mes, y bajando: un 0,83% menos que en 2015. Para los consejeros de las empresas del Ibex (las 35 mayores compa\u00f1\u00edas cotizadas en la Bolsa espa\u00f1ola), seg\u00fan la Comisi\u00f3n Nacional del Mercado de Valores (CNMV), 53.666 euros brutos mensuales -28 veces m\u00e1s que el salario medio general-, y subiendo: un 1,25% m\u00e1s que en 2015. Para los consejeros ejecutivos de las compa\u00f1\u00edas del Ibex, tambi\u00e9n seg\u00fan la CNMV: 230.833 euros brutos mensuales -127 veces m\u00e1s que el salario medio general-, y tambi\u00e9n subiendo: un 3% m\u00e1s que en 2015.<\/p>\n<p class=\"x_mce\"><strong>Salarios medios por sexos.<\/strong>\u00a0Datos de la Encuesta Anual de Estructura Salarial del INE -publicada en junio de 2017, pero con datos de 2015-. Salario medio anual de los hombres: 25.992 euros. Salario medio anual de las mujeres: 20.051. Un 23% inferior.<\/p>\n<p class=\"x_mce\"><strong>Tasa de paro en Europa por pa\u00edses.<\/strong>\u00a0Datos de Eurostat, la oficina europea de estad\u00edstica, a octubre pasado. En la UE de 28 pa\u00edses, tasa del 7,4%. En el conjunto de la Eurozona, del 8,8%. En Espa\u00f1a, del 16,7%.<\/p>\n<p class=\"x_mce\"><strong>Tasa de paro juvenil<\/strong>\u00a0\u2013j\u00f3venes de hasta 25 a\u00f1os- en Europa, tambi\u00e9n con datos de octubre pasado de Eurostat. En la UE de 28 pa\u00edses, tasa del 16,5%. En la Eurozona, del 18,6%. En Espa\u00f1a, del 38,2%.<\/p>\n<p class=\"x_mce\"><strong>Reparto de la riqueza.<\/strong>\u00a0La brecha se agranda. La desigualdad de patrimonio entre los hogares se ha duplicado en 12 a\u00f1os, seg\u00fan la Encuesta Financiera de las Familias, del Banco de Espa\u00f1a. En 2002, el 50% de hogares m\u00e1s ricos ten\u00eda un patrimonio medio 6,6 veces mayor que el del 50% de hogares m\u00e1s pobres. En 2014, la diferencia ha pasado a ser de 12,2 veces. Expresado de otro modo: la mitad m\u00e1s rica del pa\u00eds ha incrementado su patrimonio medio en un 29% mientras que la mitad m\u00e1s pobre lo ha reducido en un 30%.<\/p>\n<p class=\"x_mce\"><strong>Reparto de la riqueza II.<\/strong>\u00a0Entre 2002 y 2014, seg\u00fan el Banco de Espa\u00f1a, el 10% de los hogares m\u00e1s ricos ha incrementado un 53% su patrimonio. En el mismo periodo, el 25% de hogares m\u00e1s pobres han perdido un 108% de su patrimonio neto. No es una errata: en 2014 sus deudas superaron por primera vez el valor de sus activos. Si se aplica la lupa a esta parte de los hogares m\u00e1s desfavorecidos, algunos detalles dan escalofr\u00edos: el 52% de ese 25% de los hogares m\u00e1s pobres ten\u00eda en 2014 una carga de deuda superior a tres veces su renta anual, y el 21% de ellos ten\u00eda que pagar por su deuda una factura anual de intereses que superaba el 40% de sus ingresos.<\/p>\n<p class=\"x_mce\"><strong>Pobreza severa,<\/strong>\u00a0aquella por la que un segmento de la poblaci\u00f3n dispone de unos ingresos tan bajos que dif\u00edcilmente puede permitirse un nivel de vida digno. La tasa ha aumentado un 55% entre 2007 y 2015, pasando los afectados de 1,8 a 3 millones de personas en el conjunto de Espa\u00f1a, seg\u00fan\u00a0 el\u00a0Bar\u00f3metro Social de Espa\u00f1a, un proyecto de evaluaci\u00f3n continua de la situaci\u00f3n social de Espa\u00f1a realizado por Colectivo Io\u00e9. Subi\u00f3 del 4,1% en 2007 al 7,6% en 2014, y baj\u00f3 al 6,4% en 2015, \u00abreducci\u00f3n probablemente ligada al aumento de medio mill\u00f3n de empleos en dicho a\u00f1o y los consiguientes ingresos salariales\u00bb.<\/p>\n<p class=\"x_mce\"><strong>Pobreza. Coeficiente o \u00edndice de Gini,<\/strong>\u00a0el indicador de la desigualdad que mide entre 0 y 1 el grado de dispersi\u00f3n en el nivel de renta entre un grupo de poblaci\u00f3n determinado. El \u00edndice es un n\u00famero entre 0 y 1. Cuanto mayor es, m\u00e1s desigualdad. Seg\u00fan el INE, en 2008 en el conjunto de Espa\u00f1a era de 0,324. En 2016, de 0,347.<\/p>\n<p class=\"x_mce\"><strong>Pobreza. Indicador AROPE<\/strong>\u00a0(At-Risk-Of Poverty and Exclusion), que mide el riesgo de pobreza y exclusi\u00f3n social. En Espa\u00f1a, en 2008, alcanzaba al 23,8% de la poblaci\u00f3n, en 2014 lleg\u00f3 al r\u00e9cord del 29,20% y en 2016 -\u00faltimo dato disponible- a\u00fan estaba en un alt\u00edsimo 27,90%.<\/p>\n<p class=\"x_mce\">Los datos son tan contundentes que se comentan solos. Si este era el mapa final de la salida de la crisis, \u00bfrealmente hemos salido de la crisis?<\/p>\n<address><span class=\"x_date\">01\/01\/2018 &#8211;\u00a0<\/span>20:37h<\/address>\n<p class=\"x_MsoNormal\">\u00b7<\/p>","protected":false},"excerpt":{"rendered":"<p>\u00a0Muchos indicadores se\u00f1alan la igualdad, uno de los cuatro valores superiores que proclama la Constituci\u00f3n, como la principal\u00a0asignatura pendiente de la sociedad tras la crisis econ\u00f3mica Arsenio Escolar Ya hemos cambiado de a\u00f1o. Ya hizo Mariano Rajoy el pasado viernes 29 de diciembre su autocomplaciente balance de 2017, para el Gobierno el tercer a\u00f1o triunfal&hellip;&nbsp;<a href=\"https:\/\/mareapensionista.org\/ca\/2021\/03\/07\/10-comparaciones-odiosas-con-las-que-entramos-en-un-nuevo-ano-de-la-desigualdad\/\" class=\"\" rel=\"bookmark\">Read More &raquo;<span class=\"screen-reader-text\">10 comparaciones odiosas con las que entramos en un nuevo a\u00f1o de la desigualdad<\/span><\/a><\/p>","protected":false},"author":1,"featured_media":0,"comment_status":"open","ping_status":"open","sticky":false,"template":"","format":"standard","meta":{"neve_meta_sidebar":"","neve_meta_container":"","neve_meta_enable_content_width":"","neve_meta_content_width":0,"neve_meta_title_alignment":"","neve_meta_author_avatar":"","neve_post_elements_order":"","neve_meta_disable_header":"","neve_meta_disable_footer":"","neve_meta_disable_title":"","_ti_tpc_template_sync":false,"_ti_tpc_template_id":"","footnotes":""},"categories":[],"tags":[],"class_list":["post-987","post","type-post","status-publish","format-standard","hentry"],"_links":{"self":[{"href":"https:\/\/mareapensionista.org\/ca\/wp-json\/wp\/v2\/posts\/987","targetHints":{"allow":["GET"]}}],"collection":[{"href":"https:\/\/mareapensionista.org\/ca\/wp-json\/wp\/v2\/posts"}],"about":[{"href":"https:\/\/mareapensionista.org\/ca\/wp-json\/wp\/v2\/types\/post"}],"author":[{"embeddable":true,"href":"https:\/\/mareapensionista.org\/ca\/wp-json\/wp\/v2\/users\/1"}],"replies":[{"embeddable":true,"href":"https:\/\/mareapensionista.org\/ca\/wp-json\/wp\/v2\/comments?post=987"}],"version-history":[{"count":0,"href":"https:\/\/mareapensionista.org\/ca\/wp-json\/wp\/v2\/posts\/987\/revisions"}],"wp:attachment":[{"href":"https:\/\/mareapensionista.org\/ca\/wp-json\/wp\/v2\/media?parent=987"}],"wp:term":[{"taxonomy":"category","embeddable":true,"href":"https:\/\/mareapensionista.org\/ca\/wp-json\/wp\/v2\/categories?post=987"},{"taxonomy":"post_tag","embeddable":true,"href":"https:\/\/mareapensionista.org\/ca\/wp-json\/wp\/v2\/tags?post=987"}],"curies":[{"name":"wp","href":"https:\/\/api.w.org\/{rel}","templated":true}]}}