{"id":989,"date":"2021-03-07T07:50:22","date_gmt":"2021-03-07T07:50:22","guid":{"rendered":"https:\/\/mareapensionista.org\/2021\/03\/07\/convocatoria-reunion-coordinadora-08-01-2018\/"},"modified":"2021-03-07T07:50:22","modified_gmt":"2021-03-07T07:50:22","slug":"convocatoria-reunion-coordinadora-08-01-2018","status":"publish","type":"post","link":"https:\/\/mareapensionista.org\/ca\/2021\/03\/07\/convocatoria-reunion-coordinadora-08-01-2018\/","title":{"rendered":"CONVOCATORIA REUNI\u00d3N COORDINADORA 08\/01\/2018"},"content":{"rendered":"<div id=\"x_divRplyFwdMsg\" dir=\"ltr\"><span style=\"color: #000000; font-family: Calibri, sans-serif;\"><br \/>\n<b>Asunto:<\/b>\u00a0Convocatoria Coordinadora Marea Pensionista.<\/span><\/p>\n<div><\/div>\n<\/div>\n<div dir=\"ltr\">\n<div id=\"x_x_divtagdefaultwrapper\" dir=\"ltr\">\n<p>Hola Compa\u00f1eros\/as;<\/p>\n<p>El pr\u00f3ximo lunes 8 de enero, tenemos reuni\u00f3n de Coordinadora de la Marea Pensionista, y os pedimos que hag\u00e1is un esfuerzo extra por seguir adelante en un proyecto tan necesario como este, la defensa del SPP, un proyecto largo y dif\u00edcil, en\u00a0 el\u00a0que ni siquiera nosotros somos los principales beneficiados, pero sin duda una lucha totalmente necesaria para ese 90% de la sociedad. Os adjunto acta de una reuni\u00f3n preparatoria mantenida ayer en la AV del Clot, unas reflexiones del compa\u00f1ero Prudenci, sobre como mejorar nuestra organizaci\u00f3n, as\u00ed como un documento sindical al que hemos tenido acceso y que alguno\/a me comento que no pod\u00eda abrir.<\/p>\n<p>Orden del d\u00eda:<\/p>\n<p>1- Valoraci\u00f3n movilizaci\u00f3n al Sindic de Greuges.<\/p>\n<p>2- Finanzas: estado actual y pago de cuotas.<\/p>\n<p>3- Organizaci\u00f3n y comisiones de trabajo.<\/p>\n<p>4- Movilizaciones: Conjuntas (con el resto del Estado), y nuestras propias.<\/p>\n<p>5- Informaciones diversas: Quinta Asamblea; Colectivo Ronda y ACASS; Renta B\u00e1sica.<\/p>\n<p>6- Varios.<\/p>\n<\/div>\n<\/div>","protected":false},"excerpt":{"rendered":"<p>Asunto:\u00a0Convocatoria Coordinadora Marea Pensionista. Hola Compa\u00f1eros\/as; El pr\u00f3ximo lunes 8 de enero, tenemos reuni\u00f3n de Coordinadora de la Marea Pensionista, y os pedimos que hag\u00e1is un esfuerzo extra por seguir adelante en un proyecto tan necesario como este, la defensa del SPP, un proyecto largo y dif\u00edcil, en\u00a0 el\u00a0que ni siquiera nosotros somos los principales&hellip;&nbsp;<a href=\"https:\/\/mareapensionista.org\/ca\/2021\/03\/07\/convocatoria-reunion-coordinadora-08-01-2018\/\" class=\"\" rel=\"bookmark\">Read More &raquo;<span class=\"screen-reader-text\">CONVOCATORIA REUNI\u00d3N COORDINADORA 08\/01\/2018<\/span><\/a><\/p>","protected":false},"author":1,"featured_media":0,"comment_status":"open","ping_status":"open","sticky":false,"template":"","format":"standard","meta":{"neve_meta_sidebar":"","neve_meta_container":"","neve_meta_enable_content_width":"","neve_meta_content_width":0,"neve_meta_title_alignment":"","neve_meta_author_avatar":"","neve_post_elements_order":"","neve_meta_disable_header":"","neve_meta_disable_footer":"","neve_meta_disable_title":"","_ti_tpc_template_sync":false,"_ti_tpc_template_id":"","footnotes":""},"categories":[],"tags":[],"class_list":["post-989","post","type-post","status-publish","format-standard","hentry"],"_links":{"self":[{"href":"https:\/\/mareapensionista.org\/ca\/wp-json\/wp\/v2\/posts\/989","targetHints":{"allow":["GET"]}}],"collection":[{"href":"https:\/\/mareapensionista.org\/ca\/wp-json\/wp\/v2\/posts"}],"about":[{"href":"https:\/\/mareapensionista.org\/ca\/wp-json\/wp\/v2\/types\/post"}],"author":[{"embeddable":true,"href":"https:\/\/mareapensionista.org\/ca\/wp-json\/wp\/v2\/users\/1"}],"replies":[{"embeddable":true,"href":"https:\/\/mareapensionista.org\/ca\/wp-json\/wp\/v2\/comments?post=989"}],"version-history":[{"count":0,"href":"https:\/\/mareapensionista.org\/ca\/wp-json\/wp\/v2\/posts\/989\/revisions"}],"wp:attachment":[{"href":"https:\/\/mareapensionista.org\/ca\/wp-json\/wp\/v2\/media?parent=989"}],"wp:term":[{"taxonomy":"category","embeddable":true,"href":"https:\/\/mareapensionista.org\/ca\/wp-json\/wp\/v2\/categories?post=989"},{"taxonomy":"post_tag","embeddable":true,"href":"https:\/\/mareapensionista.org\/ca\/wp-json\/wp\/v2\/tags?post=989"}],"curies":[{"name":"wp","href":"https:\/\/api.w.org\/{rel}","templated":true}]}}